{"id":77,"date":"2025-01-15T14:19:35","date_gmt":"2025-01-15T13:19:35","guid":{"rendered":"https:\/\/www.ted.si\/?p=77"},"modified":"2025-01-15T14:19:35","modified_gmt":"2025-01-15T13:19:35","slug":"cistilnica-za-oblacila-je-dobra-samozaposlitev","status":"publish","type":"post","link":"https:\/\/www.ted.si\/?p=77","title":{"rendered":"\u010cistilnica za obla\u010dila je dobra samozaposlitev"},"content":{"rendered":"<p align=\"justify\">Prijateljica ima \u017ee kar nekaj \u010dasa problem z zaposlitvijo. Nikakor se ne najde v pravi slu\u017ebi in \u0161e te\u017eko dobi zaposlitev za dlje \u010dasa. Zelo rada je lepo urejena, \u010deprav nima dosti financ, skrbi za svoja obla\u010dila, kupuje preudarno in pametno, da lahko vse kombinira. Pred kratkim, pa si je na avtu umazala bel pla\u0161\u010d in ga ni mogla o\u010distiti.<\/p>\n<p align=\"justify\">Odnesla ga je v \u010distilnico za obla\u010dila in upala, da ga bodo lahko o\u010distili. Ko je v vrsti \u010dakala, da pride na vrsto si je razgledovala prostor in pomislila, da bi lahko imela sama \u010distilnico za obla\u010dila in ji ne bi bilo potrebno pla\u010devat drugim. Vedno bolj ji je postajala v\u0161e\u010d ta ideja. Naslednji\u010d, ko je pri\u0161la iskat o\u010di\u0161\u010den pla\u0161\u010d, jih je vpra\u0161ala, \u010de rabijo kak\u0161no pomo\u010d za zaposlitev. Odgovorili so ji, da so ravno pred kratkim nekoga vzeli in da trenutno ne bi potrebovali. Nikakor ji ni \u0161la iz glave ta ideja o \u010distilnici zato se je pozanimala \u0161e na zaposlitvenem centru, kaj bi potrebovala za odpret svojo \u010distilnico za <a href=\"https:\/\/povezujemo.si\">obla\u010dila<\/a> ko samostojni podjetnik. Njena izobrazba bi ji zado\u0161\u010dala. Imela je srednjo poklicno \u0161olo, ki je zajemala dosti znanja, katerega bi lahko uporabila pri delu. Na centru za zaposlitev so ji povedali, da ima dolo\u010dene ugodnosti , \u010de se samozaposli in da pomagajo tudi s kreditom za za\u010detek, da investira za\u010detni del. Zelo se je navdu\u0161ila in ugotovila, da ji bo to delo zelo v\u0161e\u010d in imela bo svojo zaposlitev, kjer si bo lahko krojila svoj delovni urnik. \u017de naslednji dan se je podala po mestu iskat poslovni prostor. Bila je na nekaterih agencijah za nepremi\u010dnine in dobila tri lokacije na ponudbo. Hitela je razmi\u0161ljati po katerem klju\u010du bi izbrala pravo, da bi imela blizu do dela, da bi bilo bolj prehodno stranke in da je najcenej\u0161a. Ko je vse pregledala se je odlo\u010dila za najugodnej\u0161o.<\/p>\n<p align=\"justify\"><img loading=\"lazy\" decoding=\"async\" width=\"1600\" height=\"1064\" class=\"size-full wp-image-76 aligncenter\" src=\"https:\/\/www.ted.si\/wp-content\/uploads\/2025\/01\/cistilnica-za-oblacila-je-dobra-samozaposlitev.jpg\" alt=\"\u010cistilnica za obla\u010dila je dobra samozaposlitev\" srcset=\"https:\/\/www.ted.si\/wp-content\/uploads\/2025\/01\/cistilnica-za-oblacila-je-dobra-samozaposlitev.jpg 1600w, https:\/\/www.ted.si\/wp-content\/uploads\/2025\/01\/cistilnica-za-oblacila-je-dobra-samozaposlitev-300x200.jpg 300w, https:\/\/www.ted.si\/wp-content\/uploads\/2025\/01\/cistilnica-za-oblacila-je-dobra-samozaposlitev-1024x681.jpg 1024w, https:\/\/www.ted.si\/wp-content\/uploads\/2025\/01\/cistilnica-za-oblacila-je-dobra-samozaposlitev-768x511.jpg 768w, https:\/\/www.ted.si\/wp-content\/uploads\/2025\/01\/cistilnica-za-oblacila-je-dobra-samozaposlitev-1536x1021.jpg 1536w\" sizes=\"auto, (max-width: 1600px) 100vw, 1600px\" \/><\/p>\n<p align=\"justify\">Vzela je v najem prostor. Nekaj prijateljev ji je pri\u0161lo pomagat ga malo pobelit in o\u010distit. Kupila je vso potrebno opremo za \u010distilnico obla\u010dil in odprla svojo \u010distilnico.<\/p>\n","protected":false},"excerpt":{"rendered":"<p>Prijateljica ima \u017ee kar nekaj \u010dasa problem z zaposlitvijo. Nikakor se ne najde v pravi slu\u017ebi in \u0161e te\u017eko dobi zaposlitev za dlje \u010dasa. Zelo rada je lepo urejena, \u010deprav nima dosti financ, skrbi za svoja obla\u010dila, kupuje preudarno in pametno, da lahko vse kombinira. Pred kratkim, pa si je na avtu umazala bel pla\u0161\u010d [&hellip;]<\/p>\n","protected":false},"author":1,"featured_media":0,"comment_status":"closed","ping_status":"open","sticky":false,"template":"","format":"standard","meta":{"footnotes":""},"categories":[181],"tags":[182,183,184,185,186],"class_list":["post-77","post","type-post","status-publish","format-standard","hentry","category-oblacila","tag-oblacila","tag-podjetnistvo","tag-pralnica-oblacil","tag-samozaposlitev","tag-zaposlitev"],"aioseo_notices":[],"_links":{"self":[{"href":"https:\/\/www.ted.si\/index.php?rest_route=\/wp\/v2\/posts\/77","targetHints":{"allow":["GET"]}}],"collection":[{"href":"https:\/\/www.ted.si\/index.php?rest_route=\/wp\/v2\/posts"}],"about":[{"href":"https:\/\/www.ted.si\/index.php?rest_route=\/wp\/v2\/types\/post"}],"author":[{"embeddable":true,"href":"https:\/\/www.ted.si\/index.php?rest_route=\/wp\/v2\/users\/1"}],"replies":[{"embeddable":true,"href":"https:\/\/www.ted.si\/index.php?rest_route=%2Fwp%2Fv2%2Fcomments&post=77"}],"version-history":[{"count":0,"href":"https:\/\/www.ted.si\/index.php?rest_route=\/wp\/v2\/posts\/77\/revisions"}],"wp:attachment":[{"href":"https:\/\/www.ted.si\/index.php?rest_route=%2Fwp%2Fv2%2Fmedia&parent=77"}],"wp:term":[{"taxonomy":"category","embeddable":true,"href":"https:\/\/www.ted.si\/index.php?rest_route=%2Fwp%2Fv2%2Fcategories&post=77"},{"taxonomy":"post_tag","embeddable":true,"href":"https:\/\/www.ted.si\/index.php?rest_route=%2Fwp%2Fv2%2Ftags&post=77"}],"curies":[{"name":"wp","href":"https:\/\/api.w.org\/{rel}","templated":true}]}}