{"id":48,"date":"2024-02-12T03:27:14","date_gmt":"2024-02-12T02:27:14","guid":{"rendered":"https:\/\/www.ted.si\/?p=48"},"modified":"2024-02-12T03:27:14","modified_gmt":"2024-02-12T02:27:14","slug":"hcerka-si-je-omislila-umetne-trepalnice","status":"publish","type":"post","link":"https:\/\/www.ted.si\/?p=48","title":{"rendered":"H\u010derka si je omislila umetne trepalnice"},"content":{"rendered":"<p align=\"justify\">Pred enim letom je od\u0161la h\u010derka \u0161tudirati v Ljubljano. Kljub temu, da pride skoraj vsak vikend domov, je hi\u0161a tako prazna brez nje. Je edinka in nama je obema z mo\u017eem \u010dudno ker jo ni doma. Vsak teden komaj \u010dakava da pride te\u017eko pri\u010dakovani petek. Zadnje \u010dase je postala prava mestna dama. Domov hodi zelo urejena, spremenila je stil obla\u010denja, skoraj je nerazpoznavna. Moram sicer priznati, da ji zelo pristoji stil obla\u010denja, ki si ga je izbrala.\u00a0<\/p>\n<p align=\"justify\">Prej\u0161nji vikend je pri\u0161la domov in na njej je bilo nekaj druga\u010de kot po navadi, vendar nisem ugotovila kaj. Vpra\u0161ala sem jo, \u010de si je pobarvala lase, \u010de se je malo ostrigla ali je na sebi spremenila kaj drugega. Nasmehnila se je in povedala, da ima umetne trepalnice, zraven pa je trepnila z o\u010dmi. Pogledala sem malo bolje in videla, da ima res umetne trepalnice, sicer ne nekih zelo velikih in izstopajo\u010dih, ampak zelo lepe. Njene o\u010di so bile tako lepo poudarjene, da nisem mogla verjeti, da nisem takoj ugotovila.\u00a0<\/p>\n<p align=\"justify\">Vpra\u0161ala sem jo ali jo ni\u010d ne moti, ker ima dodatno te\u017eo na vekah, ob\u010dutek imam, da bi mene <a href=\"http:\/\/www.xtremelashes.si\/\">umetne trepalnice<\/a> zelo motile. Rekla je, da jo je motilo samo prve pol ure in\u00a0 da se je potem zelo hitro navadila na njih. Zanimalo me je na kak\u0161en na\u010din si umetne trepalnice namesti, pa mi je razlo\u017eila, da si jih na veke prilepi s posebnim lepilom. Da ko ta postopek nekajkrat ponovi\u0161, postane rutinski.<\/p>\n<p align=\"justify\"><img loading=\"lazy\" decoding=\"async\" width=\"1600\" height=\"1066\" class=\"size-full wp-image-47 aligncenter\" src=\"https:\/\/www.ted.si\/wp-content\/uploads\/2024\/02\/hcerka-si-je-omislila-umetne-trepalnice.jpg\" alt=\"H\u010derka si je omislila umetne trepalnice\" srcset=\"https:\/\/www.ted.si\/wp-content\/uploads\/2024\/02\/hcerka-si-je-omislila-umetne-trepalnice.jpg 1600w, https:\/\/www.ted.si\/wp-content\/uploads\/2024\/02\/hcerka-si-je-omislila-umetne-trepalnice-300x200.jpg 300w, https:\/\/www.ted.si\/wp-content\/uploads\/2024\/02\/hcerka-si-je-omislila-umetne-trepalnice-1024x682.jpg 1024w, https:\/\/www.ted.si\/wp-content\/uploads\/2024\/02\/hcerka-si-je-omislila-umetne-trepalnice-768x512.jpg 768w, https:\/\/www.ted.si\/wp-content\/uploads\/2024\/02\/hcerka-si-je-omislila-umetne-trepalnice-1536x1023.jpg 1536w\" sizes=\"auto, (max-width: 1600px) 100vw, 1600px\" \/><\/p>\n<p align=\"justify\">Priznala sem h\u010derki, da si tudi sama \u017ee dolgo \u017eelim dolge in goste trepalnice, vendar nimam poguma, da bi kaj ukrenila v tej smeri. Ponudila se je, da mi jih prvi\u010d nalepi ona, ki je tega \u017ee vajena in da lahko to stori takoj, ker ji ima s sabo. Umaknili sva se v kopalnico in h\u010derka je namestila umetne trepalnice na moje veka. Bila sem presene\u010dena in navdu\u0161ena nad svojim izgledom v ogledalu, zato sem jo prosila, \u010de me bo nau\u010dila, kako naj drugi\u010d to opravim sama.<\/p>\n","protected":false},"excerpt":{"rendered":"<p>Pred enim letom je od\u0161la h\u010derka \u0161tudirati v Ljubljano. Kljub temu, da pride skoraj vsak vikend domov, je hi\u0161a tako prazna brez nje. Je edinka in nama je obema z mo\u017eem \u010dudno ker jo ni doma. Vsak teden komaj \u010dakava da pride te\u017eko pri\u010dakovani petek. Zadnje \u010dase je postala prava mestna dama. Domov hodi zelo [&hellip;]<\/p>\n","protected":false},"author":1,"featured_media":0,"comment_status":"closed","ping_status":"open","sticky":false,"template":"","format":"standard","meta":{"footnotes":""},"categories":[106],"tags":[107,108,109,110,111],"class_list":["post-48","post","type-post","status-publish","format-standard","hentry","category-umetne-trepalnice","tag-dolge-trepalnice","tag-lepilo-za-trepalnice","tag-sprememba-stila","tag-trepalnice","tag-umetne-trepalnice"],"aioseo_notices":[],"_links":{"self":[{"href":"https:\/\/www.ted.si\/index.php?rest_route=\/wp\/v2\/posts\/48","targetHints":{"allow":["GET"]}}],"collection":[{"href":"https:\/\/www.ted.si\/index.php?rest_route=\/wp\/v2\/posts"}],"about":[{"href":"https:\/\/www.ted.si\/index.php?rest_route=\/wp\/v2\/types\/post"}],"author":[{"embeddable":true,"href":"https:\/\/www.ted.si\/index.php?rest_route=\/wp\/v2\/users\/1"}],"replies":[{"embeddable":true,"href":"https:\/\/www.ted.si\/index.php?rest_route=%2Fwp%2Fv2%2Fcomments&post=48"}],"version-history":[{"count":0,"href":"https:\/\/www.ted.si\/index.php?rest_route=\/wp\/v2\/posts\/48\/revisions"}],"wp:attachment":[{"href":"https:\/\/www.ted.si\/index.php?rest_route=%2Fwp%2Fv2%2Fmedia&parent=48"}],"wp:term":[{"taxonomy":"category","embeddable":true,"href":"https:\/\/www.ted.si\/index.php?rest_route=%2Fwp%2Fv2%2Fcategories&post=48"},{"taxonomy":"post_tag","embeddable":true,"href":"https:\/\/www.ted.si\/index.php?rest_route=%2Fwp%2Fv2%2Ftags&post=48"}],"curies":[{"name":"wp","href":"https:\/\/api.w.org\/{rel}","templated":true}]}}